{"id":5176,"date":"2024-05-24T08:21:31","date_gmt":"2024-05-24T08:21:31","guid":{"rendered":"https:\/\/anchorzupstg.wpengine.com\/?post_type=news-blogs&#038;p=5176"},"modified":"2025-06-25T14:05:51","modified_gmt":"2025-06-25T14:05:51","slug":"building-bridges-anchorzup-ceo-champions-women-in-business-at-trade-winds-forum","status":"publish","type":"news-blogs","link":"https:\/\/anchorzup.com\/de\/news-blogs\/building-bridges-anchorzup-ceo-champions-women-in-business-at-trade-winds-forum\/","title":{"rendered":"Br\u00fccken bauen: CEO von AnchorzUp setzt sich beim Trade Winds Forum f\u00fcr Frauen in der Wirtschaft ein"},"content":{"rendered":"<p>Jeta Zagragja, Gr\u00fcnderin und CEO von AnchorzUp, betrat auf dem gr\u00f6\u00dften von der US-Regierung geleiteten Forum f\u00fcr Handelsmissionen und Unternehmensentwicklung <a href=\"https:\/\/www.trade.gov\/trade-winds\" target=\"_blank\" rel=\"noreferrer noopener\">Trade Winds<\/a>Neuland. Als einer der Vertreter aus dem Kosovo unterstrich Jeta mit seiner Teilnahme an der diesj\u00e4hrigen Veranstaltung das Engagement von AnchorzUp f\u00fcr die F\u00f6rderung einer integrativeren Unternehmenslandschaft im Kosovo und auf dem Balkan.<\/p>\n\n\n\n<p><\/p>\n\n\n\n<p>Vom 13. bis 15. Mai 2024 fand <a href=\"https:\/\/www.dailysabah.com\/business\/economy\/trade-winds-forum-galvanizes-commerce-between-turkiye-us\" target=\"_blank\" rel=\"noreferrer noopener\">in Istanbul, T\u00fcrkei, das Trade Winds Forum<\/a> mit dem Thema \u201ePower of AI in Fostering Inclusivity and Innovation\u201c statt. Es wurde organisiert, um die wirtschaftliche Partnerschaft zwischen der T\u00fcrkei und den USA zu festigen. Die Teilnahme von Jeta ging \u00fcber diesen bilateralen Rahmen hinaus, indem das Forum als B\u00fchne genutzt wurde, um sich f\u00fcr das Unternehmertum von Frauen auf dem Balkan einzusetzen.<\/p>\n\n\n\n<figure class=\"wp-block-gallery has-nested-images columns-default is-cropped wp-block-gallery-1 is-layout-flex wp-block-gallery-is-layout-flex\">\n<figure class=\"wp-block-image size-large\"><img fetchpriority=\"high\" decoding=\"async\" width=\"940\" height=\"788\" data-id=\"5177\" src=\"https:\/\/anchorzup.com\/wp-content\/uploads\/2024\/05\/4.png\" alt=\"\" class=\"wp-image-5177\" srcset=\"https:\/\/anchorzup.com\/wp-content\/uploads\/2024\/05\/4.png 940w, https:\/\/anchorzup.com\/wp-content\/uploads\/2024\/05\/4-300x251.png 300w, https:\/\/anchorzup.com\/wp-content\/uploads\/2024\/05\/4-768x644.png 768w\" sizes=\"(max-width: 940px) 100vw, 940px\" \/><\/figure>\n\n\n\n<figure class=\"wp-block-image size-large\"><img decoding=\"async\" width=\"940\" height=\"788\" data-id=\"5179\" src=\"https:\/\/anchorzup.com\/wp-content\/uploads\/2024\/05\/7.png\" alt=\"\" class=\"wp-image-5179\" srcset=\"https:\/\/anchorzup.com\/wp-content\/uploads\/2024\/05\/7.png 940w, https:\/\/anchorzup.com\/wp-content\/uploads\/2024\/05\/7-300x251.png 300w, https:\/\/anchorzup.com\/wp-content\/uploads\/2024\/05\/7-768x644.png 768w\" sizes=\"(max-width: 940px) 100vw, 940px\" \/><\/figure>\n\n\n\n<figure class=\"wp-block-image size-large\"><img decoding=\"async\" width=\"940\" height=\"788\" data-id=\"5178\" src=\"https:\/\/anchorzup.com\/wp-content\/uploads\/2024\/05\/1.png\" alt=\"\" class=\"wp-image-5178\" srcset=\"https:\/\/anchorzup.com\/wp-content\/uploads\/2024\/05\/1.png 940w, https:\/\/anchorzup.com\/wp-content\/uploads\/2024\/05\/1-300x251.png 300w, https:\/\/anchorzup.com\/wp-content\/uploads\/2024\/05\/1-768x644.png 768w\" sizes=\"(max-width: 940px) 100vw, 940px\" \/><\/figure>\n<\/figure>\n\n\n\n<p>W\u00e4hrend das Forum darauf abzielte, die Handelskluft zwischen der T\u00fcrkei und den Vereinigten Staaten zu \u00fcberbr\u00fccken, hofft Jeta, eine Br\u00fccke zu schlagen, die es Frauen aus dem Balkan erm\u00f6glicht, sich selbstbewusst im globalen Gesch\u00e4ftsumfeld zu bewegen. In Gespr\u00e4chen mit Marisa Lago, Unterstaatssekret\u00e4rin f\u00fcr internationalen Handel, teilte Jeta ihre Philosophie:<\/p>\n\n\n\n<blockquote class=\"wp-block-quote is-layout-flow wp-block-quote-is-layout-flow\">\n<p><\/p>\n<cite><em>\u201eIch bin ein Landwirt. Ich pflanze einen Samen und pflege ihn. Jede Verbindung ist eine Saat, eine Inspiration und eine Initiative, die im Laufe der Jahre zu etwas wirklich Wirkungsvollem heranw\u00e4chst.\u201c<\/em><\/cite><\/blockquote>\n\n\n\n<p>Ihr Schwerpunkt liegt nicht auf dem unmittelbaren Nutzen, sondern auf der Schaffung von Bedingungen f\u00fcr eine nachhaltige Entwicklung und Zusammenarbeit, die es den Frauen erm\u00f6glichen, ihre eigene wirtschaftliche Zukunft in der Region zu gestalten.<\/p>\n\n\n\n<figure class=\"wp-block-gallery has-nested-images columns-default is-cropped wp-block-gallery-2 is-layout-flex wp-block-gallery-is-layout-flex\">\n<figure class=\"wp-block-image size-large\"><img loading=\"lazy\" decoding=\"async\" width=\"940\" height=\"788\" data-id=\"5181\" src=\"https:\/\/anchorzup.com\/wp-content\/uploads\/2024\/05\/2.png\" alt=\"\" class=\"wp-image-5181\" srcset=\"https:\/\/anchorzup.com\/wp-content\/uploads\/2024\/05\/2.png 940w, https:\/\/anchorzup.com\/wp-content\/uploads\/2024\/05\/2-300x251.png 300w, https:\/\/anchorzup.com\/wp-content\/uploads\/2024\/05\/2-768x644.png 768w\" sizes=\"(max-width: 940px) 100vw, 940px\" \/><\/figure>\n\n\n\n<figure class=\"wp-block-image size-large\"><img loading=\"lazy\" decoding=\"async\" width=\"940\" height=\"788\" data-id=\"5182\" src=\"https:\/\/anchorzup.com\/wp-content\/uploads\/2024\/05\/9.png\" alt=\"\" class=\"wp-image-5182\" srcset=\"https:\/\/anchorzup.com\/wp-content\/uploads\/2024\/05\/9.png 940w, https:\/\/anchorzup.com\/wp-content\/uploads\/2024\/05\/9-300x251.png 300w, https:\/\/anchorzup.com\/wp-content\/uploads\/2024\/05\/9-768x644.png 768w\" sizes=\"(max-width: 940px) 100vw, 940px\" \/><\/figure>\n\n\n\n<figure class=\"wp-block-image size-full\"><img loading=\"lazy\" decoding=\"async\" width=\"940\" height=\"788\" data-id=\"5183\" src=\"https:\/\/anchorzup.com\/wp-content\/uploads\/2024\/05\/12.png\" alt=\"\" class=\"wp-image-5183\" srcset=\"https:\/\/anchorzup.com\/wp-content\/uploads\/2024\/05\/12.png 940w, https:\/\/anchorzup.com\/wp-content\/uploads\/2024\/05\/12-300x251.png 300w, https:\/\/anchorzup.com\/wp-content\/uploads\/2024\/05\/12-768x644.png 768w\" sizes=\"(max-width: 940px) 100vw, 940px\" \/><\/figure>\n<\/figure>\n\n\n\n<p>Die Teilnahme von Jeta am Trade Winds Forum bedeutet mehr als nur Unterst\u00fctzung und Bef\u00fcrwortung; sie zeigt das Engagement von AnchorzUp f\u00fcr die Schaffung eines offeneren und integrativeren Gesch\u00e4ftsumfelds. Wir unterst\u00fctzen Projekte und Initiativen, die Unternehmerinnen st\u00e4rken, weil wir glauben, dass sie die wichtigsten Motoren f\u00fcr ein nachhaltiges Wirtschaftswachstum in der gesamten Balkanregion sind.<\/p>","protected":false},"excerpt":{"rendered":"<p>Jeta Zagragja, Founder &#038; CEO of AnchorzUp, broke new ground at the largest U.S. government-led trade mission and business development forum Trade Winds.<\/p>","protected":false},"author":11,"featured_media":5184,"template":"","categories":[6],"class_list":["post-5176","news-blogs","type-news-blogs","status-publish","has-post-thumbnail","hentry","category-news"],"_links":{"self":[{"href":"https:\/\/anchorzup.com\/de\/wp-json\/wp\/v2\/news-blogs\/5176","targetHints":{"allow":["GET"]}}],"collection":[{"href":"https:\/\/anchorzup.com\/de\/wp-json\/wp\/v2\/news-blogs"}],"about":[{"href":"https:\/\/anchorzup.com\/de\/wp-json\/wp\/v2\/types\/news-blogs"}],"author":[{"embeddable":true,"href":"https:\/\/anchorzup.com\/de\/wp-json\/wp\/v2\/users\/11"}],"version-history":[{"count":0,"href":"https:\/\/anchorzup.com\/de\/wp-json\/wp\/v2\/news-blogs\/5176\/revisions"}],"wp:featuredmedia":[{"embeddable":true,"href":"https:\/\/anchorzup.com\/de\/wp-json\/wp\/v2\/media\/5184"}],"wp:attachment":[{"href":"https:\/\/anchorzup.com\/de\/wp-json\/wp\/v2\/media?parent=5176"}],"wp:term":[{"taxonomy":"category","embeddable":true,"href":"https:\/\/anchorzup.com\/de\/wp-json\/wp\/v2\/categories?post=5176"}],"curies":[{"name":"wp","href":"https:\/\/api.w.org\/{rel}","templated":true}]}}